{"id":7523,"date":"2026-04-24T16:31:26","date_gmt":"2026-04-24T19:31:26","guid":{"rendered":"https:\/\/quimica.ufvjm.edu.br\/?p=7523"},"modified":"2026-04-24T17:52:36","modified_gmt":"2026-04-24T20:52:36","slug":"departamento-de-quimica-da-ufvjm-torna-se-signatario-do-compromisso-internacional-com-a-quimica-verde","status":"publish","type":"post","link":"https:\/\/quimica.ufvjm.edu.br\/?p=7523","title":{"rendered":"UFVJM ofertar\u00e1 curso de aperfei\u00e7oamento em Educa\u00e7\u00e3o em Direitos Humanos"},"content":{"rendered":"\n<figure class=\"wp-block-image size-large\"><img fetchpriority=\"high\" decoding=\"async\" width=\"1024\" height=\"576\" src=\"https:\/\/quimica.ufvjm.edu.br\/wp-content\/uploads\/2026\/04\/Navegacao-Blog-Banner-4-1024x576.jpg\" alt=\"\" class=\"wp-image-7529\" srcset=\"https:\/\/quimica.ufvjm.edu.br\/wp-content\/uploads\/2026\/04\/Navegacao-Blog-Banner-4-1024x576.jpg 1024w, https:\/\/quimica.ufvjm.edu.br\/wp-content\/uploads\/2026\/04\/Navegacao-Blog-Banner-4-300x169.jpg 300w, https:\/\/quimica.ufvjm.edu.br\/wp-content\/uploads\/2026\/04\/Navegacao-Blog-Banner-4-768x432.jpg 768w, https:\/\/quimica.ufvjm.edu.br\/wp-content\/uploads\/2026\/04\/Navegacao-Blog-Banner-4-1536x864.jpg 1536w, https:\/\/quimica.ufvjm.edu.br\/wp-content\/uploads\/2026\/04\/Navegacao-Blog-Banner-4-2048x1152.jpg 2048w, https:\/\/quimica.ufvjm.edu.br\/wp-content\/uploads\/2026\/04\/Navegacao-Blog-Banner-4-1920x1080.jpg 1920w\" sizes=\"(max-width: 1024px) 100vw, 1024px\" \/><\/figure>\n\n\n\n<p>A Universidade Federal dos Vales do Jequitinhonha e Mucuri (UFVJM), por meio da Pr\u00f3-Reitoria de Extens\u00e3o e Cultura, do N\u00facleo de Estudos Afro-brasileiros e Ind\u00edgenas (NEABI) e do Programa de Extens\u00e3o Rede de Mulheres, desenvolver\u00e1 o <strong>Curso de Aperfei\u00e7oamento em Educa\u00e7\u00e3o em Direitos Humanos na perspectiva de g\u00eanero, ra\u00e7a e classe<\/strong>.<\/p>\n\n\n\n<p>Segundo o Professor M\u00e1rio Fernandes Rodrigues, do Departamento de Qu\u00edmica, a iniciativa tem como objetivo promover a forma\u00e7\u00e3o continuada de profissionais da Educa\u00e7\u00e3o B\u00e1sica, fortalecendo a Educa\u00e7\u00e3o em Direitos Humanos nos territ\u00f3rios educativos do Alto Vale do Jequitinhonha. O curso ser\u00e1 ofertado em formato h\u00edbrido, com carga hor\u00e1ria de <strong>180 horas<\/strong>, distribu\u00eddas em tr\u00eas m\u00f3dulos formativos, e contar\u00e1 com <strong>240 vagas<\/strong>, organizadas em seis polos: <strong>Diamantina, Datas, Serro, Gouveia, Turmalina e Itamarandiba<\/strong>.<\/p>\n\n\n\n<p>A proposta busca articular universidade, escolas p\u00fablicas e comunidades locais, promovendo reflex\u00f5es sobre desigualdades sociais, raciais e de g\u00eanero, viol\u00eancias simb\u00f3licas e estruturais, diversidade, cidadania, inclus\u00e3o e equidade. As atividades envolver\u00e3o estudos te\u00f3ricos, rodas de conversa, relatos de experi\u00eancia, pesquisas da realidade escolar, elabora\u00e7\u00e3o e execu\u00e7\u00e3o de projetos de interven\u00e7\u00e3o, al\u00e9m de semin\u00e1rios de socializa\u00e7\u00e3o dos resultados.<\/p>\n\n\n\n<p>Entre os produtos previstos est\u00e3o a produ\u00e7\u00e3o de <strong>Cadernos de Forma\u00e7\u00e3o<\/strong> e o lan\u00e7amento da cole\u00e7\u00e3o <strong>\u201cEduca\u00e7\u00e3o, Cidadania e Direitos Humanos\u201d<\/strong>, composta por cinco livros voltados \u00e0 forma\u00e7\u00e3o inicial e continuada de professores. O projeto tamb\u00e9m prev\u00ea a\u00e7\u00f5es de acessibilidade, com apoio de int\u00e9rpretes de Libras, produ\u00e7\u00e3o audiovisual e materiais did\u00e1ticos impressos e digitais.<\/p>\n\n\n\n<p>O curso ser\u00e1 desenvolvido entre <strong>julho de 2025 e julho de 2026<\/strong>, com abertura prevista para fevereiro de 2026. A a\u00e7\u00e3o reafirma o compromisso da UFVJM com a forma\u00e7\u00e3o cidad\u00e3, a valoriza\u00e7\u00e3o da diversidade, o enfrentamento das desigualdades e o fortalecimento das redes p\u00fablicas de ensino da regi\u00e3o.<\/p>\n","protected":false},"excerpt":{"rendered":"<p>A UFVJM ofertar\u00e1 o Curso de Aperfei\u00e7oamento em Educa\u00e7\u00e3o em Direitos Humanos, voltado \u00e0 forma\u00e7\u00e3o continuada de profissionais da Educa\u00e7\u00e3o B\u00e1sica do Alto Vale do Jequitinhonha. Com carga hor\u00e1ria de 180 horas, formato h\u00edbrido e vagas distribu\u00eddas em seis polos, a iniciativa abordar\u00e1 temas como cidadania, diversidade, g\u00eanero, ra\u00e7a, classe, inclus\u00e3o e enfrentamento das desigualdades.<\/p>\n","protected":false},"author":1,"featured_media":7534,"comment_status":"closed","ping_status":"closed","sticky":true,"template":"","format":"standard","meta":{"_editorskit_title_hidden":false,"_editorskit_reading_time":0,"_editorskit_is_block_options_detached":false,"_editorskit_block_options_position":"{}","_exactmetrics_skip_tracking":false,"_exactmetrics_sitenote_active":false,"_exactmetrics_sitenote_note":"","_exactmetrics_sitenote_category":0,"footnotes":""},"categories":[1,15],"tags":[],"_links":{"self":[{"href":"https:\/\/quimica.ufvjm.edu.br\/index.php?rest_route=\/wp\/v2\/posts\/7523"}],"collection":[{"href":"https:\/\/quimica.ufvjm.edu.br\/index.php?rest_route=\/wp\/v2\/posts"}],"about":[{"href":"https:\/\/quimica.ufvjm.edu.br\/index.php?rest_route=\/wp\/v2\/types\/post"}],"author":[{"embeddable":true,"href":"https:\/\/quimica.ufvjm.edu.br\/index.php?rest_route=\/wp\/v2\/users\/1"}],"replies":[{"embeddable":true,"href":"https:\/\/quimica.ufvjm.edu.br\/index.php?rest_route=%2Fwp%2Fv2%2Fcomments&post=7523"}],"version-history":[{"count":4,"href":"https:\/\/quimica.ufvjm.edu.br\/index.php?rest_route=\/wp\/v2\/posts\/7523\/revisions"}],"predecessor-version":[{"id":7532,"href":"https:\/\/quimica.ufvjm.edu.br\/index.php?rest_route=\/wp\/v2\/posts\/7523\/revisions\/7532"}],"wp:featuredmedia":[{"embeddable":true,"href":"https:\/\/quimica.ufvjm.edu.br\/index.php?rest_route=\/wp\/v2\/media\/7534"}],"wp:attachment":[{"href":"https:\/\/quimica.ufvjm.edu.br\/index.php?rest_route=%2Fwp%2Fv2%2Fmedia&parent=7523"}],"wp:term":[{"taxonomy":"category","embeddable":true,"href":"https:\/\/quimica.ufvjm.edu.br\/index.php?rest_route=%2Fwp%2Fv2%2Fcategories&post=7523"},{"taxonomy":"post_tag","embeddable":true,"href":"https:\/\/quimica.ufvjm.edu.br\/index.php?rest_route=%2Fwp%2Fv2%2Ftags&post=7523"}],"curies":[{"name":"wp","href":"https:\/\/api.w.org\/{rel}","templated":true}]}}