{"id":6702,"date":"2025-05-29T18:03:35","date_gmt":"2025-05-29T21:03:35","guid":{"rendered":"https:\/\/quimica.ufvjm.edu.br\/?p=6702"},"modified":"2025-05-29T18:10:21","modified_gmt":"2025-05-29T21:10:21","slug":"6702","status":"publish","type":"post","link":"https:\/\/quimica.ufvjm.edu.br\/?p=6702","title":{"rendered":"Interc\u00e2mbio Acad\u00eamico Internacional"},"content":{"rendered":"\n<div class=\"wp-block-cover\"><span aria-hidden=\"true\" class=\"wp-block-cover__background has-background-dim\"><\/span><img fetchpriority=\"high\" decoding=\"async\" width=\"1024\" height=\"576\" class=\"wp-block-cover__image-background wp-image-6703\" alt=\"\" src=\"https:\/\/quimica.ufvjm.edu.br\/wp-content\/uploads\/2025\/05\/Site-de-proposta-de-vendas-1024x576.png\" data-object-fit=\"cover\" srcset=\"https:\/\/quimica.ufvjm.edu.br\/wp-content\/uploads\/2025\/05\/Site-de-proposta-de-vendas-1024x576.png 1024w, https:\/\/quimica.ufvjm.edu.br\/wp-content\/uploads\/2025\/05\/Site-de-proposta-de-vendas-300x169.png 300w, https:\/\/quimica.ufvjm.edu.br\/wp-content\/uploads\/2025\/05\/Site-de-proposta-de-vendas-768x432.png 768w, https:\/\/quimica.ufvjm.edu.br\/wp-content\/uploads\/2025\/05\/Site-de-proposta-de-vendas.png 1366w\" sizes=\"(max-width: 1024px) 100vw, 1024px\" \/><div class=\"wp-block-cover__inner-container is-layout-flow wp-block-cover-is-layout-flow\">\n<p class=\"has-text-align-center has-large-font-size\"><\/p>\n<\/div><\/div>\n\n\n\n<p class=\"has-text-align-justify\">Tivemos a alegria de receber a doutoranda Jasmin Schlauch, da Universit\u00e9 de Strasbourg (Unistra), em nossos laborat\u00f3rios, para um est\u00e1gio de dois meses no \u00e2mbito do projeto CAPES\/COFECUB, intitulado &#8220;Estudos estruturais e biof\u00edsicos de pept\u00eddeos bioativos derivados de piscidinas e lycosa toxinas&#8221;, coordenado pelo Prof. Rodrigo Moreira Verly. Esta miss\u00e3o Fran\u00e7a-Brasil, totalmente financiada pela COFECUB, foi realizada conforme previsto no edital e integrou as atividades propostas no projeto.<\/p>\n\n\n\n<p class=\"has-text-align-justify\">Jasmin, orientada pelo Prof. Burkhard Bechinger, iniciou seu est\u00e1gio na UFVJM, em Diamantina-MG, em 26\/03\/2025, onde realizou experimentos de Calorimetria Isot\u00e9rmica de Titula\u00e7\u00e3o (ITC) e Espalhamento Din\u00e2mico de Luz (DLS). Em seguida, conduziu medidas de Dicro\u00edsmo Circular (CD) na UFMG, em Belo Horizonte-MG.<\/p>\n\n\n\n<p class=\"has-text-align-justify\">Todas essas atividades fizeram parte fundamental do seu projeto de doutorado e contribu\u00edram significativamente para os objetivos cient\u00edficos da colabora\u00e7\u00e3o entre os grupos brasileiros e franceses. A estudante foi supervisionada localmente pelo Prof. Rodrigo Moreira Verly, que apoiou plenamente sua participa\u00e7\u00e3o e destacou que suas contribui\u00e7\u00f5es foram de grande valor para o desenvolvimento do projeto.<\/p>\n","protected":false},"excerpt":{"rendered":"<p>Tivemos a alegria de receber a doutoranda Jasmin Schlauch, da Universit\u00e9 de Strasbourg (Unistra), em nossos laborat\u00f3rios, para um est\u00e1gio de dois meses no \u00e2mbito do projeto CAPES\/COFECUB, intitulado &#8220;Estudos estruturais e biof\u00edsicos de pept\u00eddeos bioativos derivados de piscidinas e lycosa toxinas&#8221;, coordenado pelo Prof. Rodrigo Moreira Verly. Esta miss\u00e3o Fran\u00e7a-Brasil, totalmente financiada pela COFECUB, foi realizada conforme previsto no edital e integrou as atividades propostas no projeto. Jasmin, orientada pelo Prof. Burkhard Bechinger, iniciou seu est\u00e1gio na UFVJM, em Diamantina-MG, em 26\/03\/2025, onde realizou experimentos de Calorimetria Isot\u00e9rmica de Titula\u00e7\u00e3o (ITC) e Espalhamento Din\u00e2mico de Luz (DLS). Em seguida, conduziu medidas de Dicro\u00edsmo Circular (CD) na UFMG, em Belo Horizonte-MG. Todas essas atividades fizeram parte fundamental do seu projeto de doutorado e contribu\u00edram significativamente para os objetivos cient\u00edficos da colabora\u00e7\u00e3o entre os grupos brasileiros e franceses. A estudante foi supervisionada localmente pelo Prof. Rodrigo Moreira Verly, que apoiou plenamente sua participa\u00e7\u00e3o e destacou que suas contribui\u00e7\u00f5es foram de grande valor para o desenvolvimento do projeto.<\/p>\n","protected":false},"author":1,"featured_media":6703,"comment_status":"closed","ping_status":"closed","sticky":false,"template":"","format":"standard","meta":{"_editorskit_title_hidden":false,"_editorskit_reading_time":0,"_editorskit_is_block_options_detached":false,"_editorskit_block_options_position":"{}","_exactmetrics_skip_tracking":false,"_exactmetrics_sitenote_active":false,"_exactmetrics_sitenote_note":"","_exactmetrics_sitenote_category":0,"footnotes":""},"categories":[13],"tags":[381,379,380],"_links":{"self":[{"href":"https:\/\/quimica.ufvjm.edu.br\/index.php?rest_route=\/wp\/v2\/posts\/6702"}],"collection":[{"href":"https:\/\/quimica.ufvjm.edu.br\/index.php?rest_route=\/wp\/v2\/posts"}],"about":[{"href":"https:\/\/quimica.ufvjm.edu.br\/index.php?rest_route=\/wp\/v2\/types\/post"}],"author":[{"embeddable":true,"href":"https:\/\/quimica.ufvjm.edu.br\/index.php?rest_route=\/wp\/v2\/users\/1"}],"replies":[{"embeddable":true,"href":"https:\/\/quimica.ufvjm.edu.br\/index.php?rest_route=%2Fwp%2Fv2%2Fcomments&post=6702"}],"version-history":[{"count":3,"href":"https:\/\/quimica.ufvjm.edu.br\/index.php?rest_route=\/wp\/v2\/posts\/6702\/revisions"}],"predecessor-version":[{"id":6707,"href":"https:\/\/quimica.ufvjm.edu.br\/index.php?rest_route=\/wp\/v2\/posts\/6702\/revisions\/6707"}],"wp:featuredmedia":[{"embeddable":true,"href":"https:\/\/quimica.ufvjm.edu.br\/index.php?rest_route=\/wp\/v2\/media\/6703"}],"wp:attachment":[{"href":"https:\/\/quimica.ufvjm.edu.br\/index.php?rest_route=%2Fwp%2Fv2%2Fmedia&parent=6702"}],"wp:term":[{"taxonomy":"category","embeddable":true,"href":"https:\/\/quimica.ufvjm.edu.br\/index.php?rest_route=%2Fwp%2Fv2%2Fcategories&post=6702"},{"taxonomy":"post_tag","embeddable":true,"href":"https:\/\/quimica.ufvjm.edu.br\/index.php?rest_route=%2Fwp%2Fv2%2Ftags&post=6702"}],"curies":[{"name":"wp","href":"https:\/\/api.w.org\/{rel}","templated":true}]}}