{"id":6693,"date":"2025-05-28T23:15:47","date_gmt":"2025-05-29T02:15:47","guid":{"rendered":"https:\/\/quimica.ufvjm.edu.br\/?p=6693"},"modified":"2025-05-29T18:42:57","modified_gmt":"2025-05-29T21:42:57","slug":"docentes-da-ufvjm-contemplados-na-chamada-do-cnpq-18-2024","status":"publish","type":"post","link":"https:\/\/quimica.ufvjm.edu.br\/?p=6693","title":{"rendered":"Docentes da UFVJM contemplados na chamada do CNPq 18\/2024"},"content":{"rendered":"\n<p class=\"has-text-align-justify\">O Departamento de Qu\u00edmica da Faculdade\u00a0de Ci\u00eancias Exatas (FACET) da UFVJM celebra com orgulho o excelente desempenho de seus docentes no resultado preliminar da Chamada CNPq n\u00ba 18\/2024 \u2013 Bolsas de Produtividade em Pesquisa. Dos 15 pesquisadores da UFVJM contemplados, tr\u00eas s\u00e3o docentes da FACET, representando 20% do total.<\/p>\n\n\n\n<p>Os docentes contemplados da FACET s\u00e3o:<\/p>\n\n\n\n<ul>\n<li><strong>Leonardo Morais da Silva<\/strong>&nbsp;\u2013 Modalidade Produtividade em Pesquisa (PQ), n\u00edvel B;<\/li>\n\n\n\n<li><strong>Rodrigo Moreira Verly<\/strong>&nbsp;\u2013 Modalidade PQ, n\u00edvel C;<\/li>\n\n\n\n<li><strong>Jo\u00e3o Paulo de Mesquita<\/strong>&nbsp;\u2013 Modalidade PQ, n\u00edvel C.<\/li>\n<\/ul>\n\n\n\n<p class=\"has-text-align-justify\">As Bolsas de Produtividade em Pesquisa do CNPq s\u00e3o concedidas a pesquisadores com destaque em suas \u00e1reas, e representam um importante incentivo \u00e0 continuidade e ao fortalecimento das atividades cient\u00edficas em institui\u00e7\u00f5es de ensino superior em todo o pa\u00eds.<\/p>\n\n\n\n<p class=\"has-text-align-justify\">Parab\u00e9ns aos docentes contemplados por suas trajet\u00f3rias de dedica\u00e7\u00e3o e por contribu\u00edrem significativamente para a \u00e1rea de produ\u00e7\u00e3o cient\u00edfica.\u00a0<\/p>\n","protected":false},"excerpt":{"rendered":"<p>O Departamento de Qu\u00edmica da Faculdade\u00a0de Ci\u00eancias Exatas (FACET) da UFVJM celebra com orgulho o excelente desempenho de seus docentes no resultado preliminar da Chamada CNPq n\u00ba 18\/2024 \u2013 Bolsas de Produtividade em Pesquisa. Dos 15 pesquisadores da UFVJM contemplados, tr\u00eas s\u00e3o docentes da FACET, representando 20% do total. Os docentes contemplados da FACET s\u00e3o: As Bolsas de Produtividade em Pesquisa do CNPq s\u00e3o concedidas a pesquisadores com destaque em suas \u00e1reas, e representam um importante incentivo \u00e0 continuidade e ao fortalecimento das atividades cient\u00edficas em institui\u00e7\u00f5es de ensino superior em todo o pa\u00eds. Parab\u00e9ns aos docentes contemplados por suas trajet\u00f3rias de dedica\u00e7\u00e3o e por contribu\u00edrem significativamente para a \u00e1rea de produ\u00e7\u00e3o cient\u00edfica.\u00a0<\/p>\n","protected":false},"author":1,"featured_media":6696,"comment_status":"closed","ping_status":"closed","sticky":false,"template":"","format":"standard","meta":{"_editorskit_title_hidden":false,"_editorskit_reading_time":0,"_editorskit_is_block_options_detached":false,"_editorskit_block_options_position":"{}","_exactmetrics_skip_tracking":false,"_exactmetrics_sitenote_active":false,"_exactmetrics_sitenote_note":"","_exactmetrics_sitenote_category":0,"footnotes":""},"categories":[12,15],"tags":[],"_links":{"self":[{"href":"https:\/\/quimica.ufvjm.edu.br\/index.php?rest_route=\/wp\/v2\/posts\/6693"}],"collection":[{"href":"https:\/\/quimica.ufvjm.edu.br\/index.php?rest_route=\/wp\/v2\/posts"}],"about":[{"href":"https:\/\/quimica.ufvjm.edu.br\/index.php?rest_route=\/wp\/v2\/types\/post"}],"author":[{"embeddable":true,"href":"https:\/\/quimica.ufvjm.edu.br\/index.php?rest_route=\/wp\/v2\/users\/1"}],"replies":[{"embeddable":true,"href":"https:\/\/quimica.ufvjm.edu.br\/index.php?rest_route=%2Fwp%2Fv2%2Fcomments&post=6693"}],"version-history":[{"count":1,"href":"https:\/\/quimica.ufvjm.edu.br\/index.php?rest_route=\/wp\/v2\/posts\/6693\/revisions"}],"predecessor-version":[{"id":6694,"href":"https:\/\/quimica.ufvjm.edu.br\/index.php?rest_route=\/wp\/v2\/posts\/6693\/revisions\/6694"}],"wp:featuredmedia":[{"embeddable":true,"href":"https:\/\/quimica.ufvjm.edu.br\/index.php?rest_route=\/wp\/v2\/media\/6696"}],"wp:attachment":[{"href":"https:\/\/quimica.ufvjm.edu.br\/index.php?rest_route=%2Fwp%2Fv2%2Fmedia&parent=6693"}],"wp:term":[{"taxonomy":"category","embeddable":true,"href":"https:\/\/quimica.ufvjm.edu.br\/index.php?rest_route=%2Fwp%2Fv2%2Fcategories&post=6693"},{"taxonomy":"post_tag","embeddable":true,"href":"https:\/\/quimica.ufvjm.edu.br\/index.php?rest_route=%2Fwp%2Fv2%2Ftags&post=6693"}],"curies":[{"name":"wp","href":"https:\/\/api.w.org\/{rel}","templated":true}]}}